{"id":1687,"date":"2026-01-11T20:16:09","date_gmt":"2026-01-11T19:16:09","guid":{"rendered":"https:\/\/www.szentesifaiskola.hu\/webaruhaz\/?p=1687"},"modified":"2026-01-11T20:16:10","modified_gmt":"2026-01-11T19:16:10","slug":"hoszunet","status":"publish","type":"post","link":"https:\/\/www.szentesifaiskola.hu\/webaruhaz\/?p=1687","title":{"rendered":"H\u00d3SZ\u00dcNET!!!"},"content":{"rendered":"\n<figure class=\"wp-block-image size-large\"><a href=\"https:\/\/www.szentesifaiskola.hu\/webaruhaz\/wp-content\/uploads\/2026\/01\/2026HOSZUNET.jpg\"><img loading=\"lazy\" decoding=\"async\" width=\"1024\" height=\"401\" src=\"https:\/\/www.szentesifaiskola.hu\/webaruhaz\/wp-content\/uploads\/2026\/01\/2026HOSZUNET-1024x401.jpg\" alt=\"\" class=\"wp-image-1688\" srcset=\"https:\/\/www.szentesifaiskola.hu\/webaruhaz\/wp-content\/uploads\/2026\/01\/2026HOSZUNET-1024x401.jpg 1024w, https:\/\/www.szentesifaiskola.hu\/webaruhaz\/wp-content\/uploads\/2026\/01\/2026HOSZUNET-300x117.jpg 300w, https:\/\/www.szentesifaiskola.hu\/webaruhaz\/wp-content\/uploads\/2026\/01\/2026HOSZUNET-768x301.jpg 768w, https:\/\/www.szentesifaiskola.hu\/webaruhaz\/wp-content\/uploads\/2026\/01\/2026HOSZUNET.jpg 1366w\" sizes=\"auto, (max-width: 1024px) 100vw, 1024px\" \/><\/a><\/figure>\n\n\n\n<p>Boldog \u00daj \u00c9vet Kedves Kertim\u00e1d\u00f3 Bar\u00e1taink!<\/p>\n\n\n\n<p>A cudar id\u0151re val\u00f3 tekintettel csak janu\u00e1r 26-\u00e1n nyit ki \u00e1rud\u00e1nk! De addig se cs\u00fcggedjetek, tervezzetek el\u0151re, nem is olyan <a><\/a>sok\u00e1ra itt lesz a j\u00f3id\u0151! <img loading=\"lazy\" decoding=\"async\" height=\"16\" width=\"16\" alt=\"\ud83d\ude42\" src=\"https:\/\/static.xx.fbcdn.net\/images\/emoji.php\/v9\/t4c\/1\/16\/1f642.png\"><\/p>\n","protected":false},"excerpt":{"rendered":"<p>Boldog \u00daj \u00c9vet Kedves Kertim\u00e1d\u00f3 Bar\u00e1taink! A cudar id\u0151re val\u00f3 tekintettel csak janu\u00e1r 26-\u00e1n nyit ki \u00e1rud\u00e1nk! De addig se cs\u00fcggedjetek, tervezzetek el\u0151re, nem is olyan sok\u00e1ra itt lesz a j\u00f3id\u0151!<\/p>\n","protected":false},"author":3,"featured_media":0,"comment_status":"closed","ping_status":"closed","sticky":false,"template":"","format":"standard","meta":{"footnotes":""},"categories":[1],"tags":[],"class_list":["post-1687","post","type-post","status-publish","format-standard","hentry","category-egyeb"],"_links":{"self":[{"href":"https:\/\/www.szentesifaiskola.hu\/webaruhaz\/index.php?rest_route=\/wp\/v2\/posts\/1687","targetHints":{"allow":["GET"]}}],"collection":[{"href":"https:\/\/www.szentesifaiskola.hu\/webaruhaz\/index.php?rest_route=\/wp\/v2\/posts"}],"about":[{"href":"https:\/\/www.szentesifaiskola.hu\/webaruhaz\/index.php?rest_route=\/wp\/v2\/types\/post"}],"author":[{"embeddable":true,"href":"https:\/\/www.szentesifaiskola.hu\/webaruhaz\/index.php?rest_route=\/wp\/v2\/users\/3"}],"replies":[{"embeddable":true,"href":"https:\/\/www.szentesifaiskola.hu\/webaruhaz\/index.php?rest_route=%2Fwp%2Fv2%2Fcomments&post=1687"}],"version-history":[{"count":2,"href":"https:\/\/www.szentesifaiskola.hu\/webaruhaz\/index.php?rest_route=\/wp\/v2\/posts\/1687\/revisions"}],"predecessor-version":[{"id":1691,"href":"https:\/\/www.szentesifaiskola.hu\/webaruhaz\/index.php?rest_route=\/wp\/v2\/posts\/1687\/revisions\/1691"}],"wp:attachment":[{"href":"https:\/\/www.szentesifaiskola.hu\/webaruhaz\/index.php?rest_route=%2Fwp%2Fv2%2Fmedia&parent=1687"}],"wp:term":[{"taxonomy":"category","embeddable":true,"href":"https:\/\/www.szentesifaiskola.hu\/webaruhaz\/index.php?rest_route=%2Fwp%2Fv2%2Fcategories&post=1687"},{"taxonomy":"post_tag","embeddable":true,"href":"https:\/\/www.szentesifaiskola.hu\/webaruhaz\/index.php?rest_route=%2Fwp%2Fv2%2Ftags&post=1687"}],"curies":[{"name":"wp","href":"https:\/\/api.w.org\/{rel}","templated":true}]}}